{"id":3901,"date":"2024-05-03T11:37:13","date_gmt":"2024-05-03T10:37:13","guid":{"rendered":"https:\/\/granagroup.eu\/?p=3901"},"modified":"2024-05-08T08:32:16","modified_gmt":"2024-05-08T07:32:16","slug":"munich-organic-2024-das-bio-team-freut-sich-auf-ihren-besuch","status":"publish","type":"post","link":"https:\/\/granagroup.eu\/hu\/munich-organic-2024-das-bio-team-freut-sich-auf-ihren-besuch\/","title":{"rendered":"Munich Organic 2024 &#8211; Das Bio-Team freut sich auf ihren Besuch!"},"content":{"rendered":"\n<div class=\"wp-block-columns\">\n<div class=\"wp-block-column\" style=\"flex-basis:66.66%\">\n<p>Auch in diesem Jahr ist granabio &#8211; das Bio-Team von granaagro Deutschland GmbH &#8211; an der Munich Organic. Die Internationale Fachmesse f\u00fcr Getreide und Rohstoffe der Bio-Branche findet am 14. und 15. Mai 2024 in der Alten Kongresshalle in M\u00fcnchen statt. <\/p>\n\n\n\n<p>Am Stand Nr. 10 stehen unsere Mitarbeitenden aus Logistik und Handel f\u00fcr Gespr\u00e4che zur Verf\u00fcgung. <br><br>Wir freuen uns auf Ihren Besuch!<\/p>\n<\/div>\n\n\n\n<div class=\"wp-block-column\" style=\"flex-basis:33.33%\">\n<figure class=\"wp-block-image size-large\"><img loading=\"lazy\" decoding=\"async\" width=\"1024\" height=\"838\" src=\"https:\/\/granagroup.eu\/wp-content\/uploads\/2024\/05\/MO-2023-05-_-Bild-4_website-1024x838.jpg\" alt=\"\" class=\"wp-image-3913\" srcset=\"https:\/\/granagroup.eu\/wp-content\/uploads\/2024\/05\/MO-2023-05-_-Bild-4_website-1024x838.jpg 1024w, https:\/\/granagroup.eu\/wp-content\/uploads\/2024\/05\/MO-2023-05-_-Bild-4_website-300x246.jpg 300w, https:\/\/granagroup.eu\/wp-content\/uploads\/2024\/05\/MO-2023-05-_-Bild-4_website-768x629.jpg 768w, https:\/\/granagroup.eu\/wp-content\/uploads\/2024\/05\/MO-2023-05-_-Bild-4_website.jpg 1466w\" sizes=\"auto, (max-width: 1024px) 100vw, 1024px\" \/><\/figure>\n<\/div>\n<\/div>\n","protected":false},"excerpt":{"rendered":"<p>Auch in diesem Jahr ist granabio &#8211; das Bio-Team von granaagro Deutschland GmbH  &#8211; an der Munich Organic vom 14. und 15. Mai 2024.<\/p>\n","protected":false},"author":4,"featured_media":0,"comment_status":"closed","ping_status":"closed","sticky":false,"template":"","format":"standard","meta":{"_acf_changed":false,"inline_featured_image":false,"_genesis_hide_title":false,"_genesis_hide_breadcrumbs":false,"_genesis_hide_singular_image":false,"_genesis_hide_footer_widgets":false,"_genesis_custom_body_class":"","_genesis_custom_post_class":"","_genesis_layout":"","footnotes":""},"categories":[26],"tags":[],"class_list":{"0":"post-3901","1":"post","2":"type-post","3":"status-publish","4":"format-standard","6":"category-bio","7":"entry"},"acf":[],"_links":{"self":[{"href":"https:\/\/granagroup.eu\/hu\/wp-json\/wp\/v2\/posts\/3901","targetHints":{"allow":["GET"]}}],"collection":[{"href":"https:\/\/granagroup.eu\/hu\/wp-json\/wp\/v2\/posts"}],"about":[{"href":"https:\/\/granagroup.eu\/hu\/wp-json\/wp\/v2\/types\/post"}],"author":[{"embeddable":true,"href":"https:\/\/granagroup.eu\/hu\/wp-json\/wp\/v2\/users\/4"}],"replies":[{"embeddable":true,"href":"https:\/\/granagroup.eu\/hu\/wp-json\/wp\/v2\/comments?post=3901"}],"version-history":[{"count":0,"href":"https:\/\/granagroup.eu\/hu\/wp-json\/wp\/v2\/posts\/3901\/revisions"}],"wp:attachment":[{"href":"https:\/\/granagroup.eu\/hu\/wp-json\/wp\/v2\/media?parent=3901"}],"wp:term":[{"taxonomy":"category","embeddable":true,"href":"https:\/\/granagroup.eu\/hu\/wp-json\/wp\/v2\/categories?post=3901"},{"taxonomy":"post_tag","embeddable":true,"href":"https:\/\/granagroup.eu\/hu\/wp-json\/wp\/v2\/tags?post=3901"}],"curies":[{"name":"wp","href":"https:\/\/api.w.org\/{rel}","templated":true}]}}