{"id":4899,"date":"2026-01-09T14:06:45","date_gmt":"2026-01-09T13:06:45","guid":{"rendered":"https:\/\/granagroup.eu\/?p=4899"},"modified":"2026-01-09T14:14:54","modified_gmt":"2026-01-09T13:14:54","slug":"besuche-uns-an-der-biofach-2026","status":"publish","type":"post","link":"https:\/\/granagroup.eu\/sk\/besuche-uns-an-der-biofach-2026\/","title":{"rendered":"Besuchen Sie uns an der BIOFACH 2026"},"content":{"rendered":"\n<p>Das Bio-Team von granaagro Deutschland GmbH ist an der BIOFACH in N\u00fcrnberg vom 10. bis 13. Februar 2026 vor Ort pr\u00e4sent. Wir nutzen die Gelegenheit das bestehende Netzwerk zu st\u00e4rken und neue Kontakte zu kn\u00fcpfen. Lerne unsere Produktpalette kennen und diskutiere mit unseren H\u00e4ndler und Logistikerinnen. <\/p>\n\n\n\n<p>Wir freuen uns auf Ihren Besuch an unserem Stand: Halle 7A \u2013 Stand 7A-319.<\/p>\n\n\n\n<p>Die BIOFACH ist die weltweit gr\u00f6sste Messe f\u00fcr Bio-Lebensmittel. <a href=\"https:\/\/www.biofach.de\/de-de\" target=\"_blank\" rel=\"noreferrer noopener\">Weitere Infos auf der Website. <\/a><\/p>\n\n\n\n<div style=\"height:54px\" aria-hidden=\"true\" class=\"wp-block-spacer\"><\/div>\n\n\n\n<figure class=\"wp-block-image size-full is-resized\"><img decoding=\"async\" src=\"https:\/\/granagroup.eu\/wp-content\/uploads\/2026\/01\/Biofach-2026-Website-2.png\" alt=\"\" class=\"wp-image-4919\" style=\"width:600px\"\/><\/figure>\n","protected":false},"excerpt":{"rendered":"<p>Das Bio-Team von granaagro Deutschland GmbH ist an der BIOFACH in N\u00fcrnberg vom 10. bis 13. Februar 2026 vor Ort pr\u00e4sent. Wir nutzen die Gelegenheit das bestehende Netzwerk zu st\u00e4rken und neue Kontakte zu kn\u00fcpfen. Lerne unsere Produktpalette kennen und diskutiere mit unseren H\u00e4ndler und Logistikerinnen.<\/p>\n","protected":false},"author":4,"featured_media":0,"comment_status":"closed","ping_status":"closed","sticky":false,"template":"","format":"standard","meta":{"_acf_changed":false,"inline_featured_image":false,"_genesis_hide_title":false,"_genesis_hide_breadcrumbs":false,"_genesis_hide_singular_image":false,"_genesis_hide_footer_widgets":false,"_genesis_custom_body_class":"","_genesis_custom_post_class":"","_genesis_layout":"","footnotes":""},"categories":[65],"tags":[],"class_list":{"0":"post-4899","1":"post","2":"type-post","3":"status-publish","4":"format-standard","6":"category-veranstaltungen","7":"entry"},"acf":[],"_links":{"self":[{"href":"https:\/\/granagroup.eu\/sk\/wp-json\/wp\/v2\/posts\/4899","targetHints":{"allow":["GET"]}}],"collection":[{"href":"https:\/\/granagroup.eu\/sk\/wp-json\/wp\/v2\/posts"}],"about":[{"href":"https:\/\/granagroup.eu\/sk\/wp-json\/wp\/v2\/types\/post"}],"author":[{"embeddable":true,"href":"https:\/\/granagroup.eu\/sk\/wp-json\/wp\/v2\/users\/4"}],"replies":[{"embeddable":true,"href":"https:\/\/granagroup.eu\/sk\/wp-json\/wp\/v2\/comments?post=4899"}],"version-history":[{"count":0,"href":"https:\/\/granagroup.eu\/sk\/wp-json\/wp\/v2\/posts\/4899\/revisions"}],"wp:attachment":[{"href":"https:\/\/granagroup.eu\/sk\/wp-json\/wp\/v2\/media?parent=4899"}],"wp:term":[{"taxonomy":"category","embeddable":true,"href":"https:\/\/granagroup.eu\/sk\/wp-json\/wp\/v2\/categories?post=4899"},{"taxonomy":"post_tag","embeddable":true,"href":"https:\/\/granagroup.eu\/sk\/wp-json\/wp\/v2\/tags?post=4899"}],"curies":[{"name":"wp","href":"https:\/\/api.w.org\/{rel}","templated":true}]}}